[{"@context":"https:\/\/schema.org\/","@type":"Article","@id":"https:\/\/www.babygo.cz\/kdo-si-potrebuje-pronajmout-vuz\/#Article","mainEntityOfPage":"https:\/\/www.babygo.cz\/kdo-si-potrebuje-pronajmout-vuz\/","headline":"Kdo si pot\u0159ebuje pronajmout v\u016fz?","name":"Kdo si pot\u0159ebuje pronajmout v\u016fz?","description":"Autop\u016fj\u010dovna, to jsou kompletn\u00ed slu\u017eby v oboru p\u016fj\u010dov\u00e1n\u00ed aut. Pom\u011brn\u011b mlad\u00e1 spole\u010dnost nab\u00edz\u00ed individu\u00e1ln\u00ed a flexibiln\u00ed p\u0159\u00edstup ke ka\u017ed\u00e9mu klientovi. Klientem se m\u016f\u017ee st\u00e1t opravdu kdokoli, kdo si pot\u0159ebuje pronajmout v\u016fz, a\u0165 u\u017e pro firemn\u00ed \u010di soukrom\u00e9 \u00fa\u010dely na jak dlouho bude pot\u0159eba. P\u0159ehled v\u0161ech nab\u00edzen\u00fdch zna\u010dek a typ\u016f vozidel naleznete na internetov\u00fdch str\u00e1nk\u00e1ch, kde...","datePublished":"2024-11-15","dateModified":"2024-11-15","author":{"@type":"Person","@id":"https:\/\/www.babygo.cz\/author\/#Person","name":"","url":"https:\/\/www.babygo.cz\/author\/","identifier":1,"image":{"@type":"ImageObject","@id":"https:\/\/secure.gravatar.com\/avatar\/9cac53ffad5d6e0659d72eaf216400c165f8fbf396c79017c66698a8aa5be23d?s=96&d=mm&r=g","url":"https:\/\/secure.gravatar.com\/avatar\/9cac53ffad5d6e0659d72eaf216400c165f8fbf396c79017c66698a8aa5be23d?s=96&d=mm&r=g","height":96,"width":96}},"publisher":{"@type":"Organization","name":"babygo.cz","logo":{"@type":"ImageObject","@id":"\/logo.png","url":"\/logo.png","width":600,"height":60}},"url":"https:\/\/www.babygo.cz\/kdo-si-potrebuje-pronajmout-vuz\/","wordCount":196,"articleBody":"Autop\u016fj\u010dovna, to jsou kompletn\u00ed slu\u017eby v oboru p\u016fj\u010dov\u00e1n\u00ed aut. Pom\u011brn\u011b mlad\u00e1 spole\u010dnost nab\u00edz\u00ed individu\u00e1ln\u00ed a flexibiln\u00ed p\u0159\u00edstup ke ka\u017ed\u00e9mu klientovi. Klientem se m\u016f\u017ee st\u00e1t opravdu kdokoli, kdo si pot\u0159ebuje pronajmout v\u016fz, a\u0165 u\u017e pro firemn\u00ed \u010di soukrom\u00e9 \u00fa\u010dely na jak dlouho bude pot\u0159eba.P\u0159ehled v\u0161ech nab\u00edzen\u00fdch zna\u010dek a typ\u016f vozidel naleznete na internetov\u00fdch str\u00e1nk\u00e1ch, kde autop\u016fj\u010dovna nab\u00edz\u00ed tak\u00e9 dal\u0161\u00ed p\u0159\u00edslu\u0161enstv\u00ed, kter\u00e9 si lze zap\u016fj\u010dit. Jsou to nap\u0159\u00edklad d\u011btsk\u00e9 seda\u010dky do auta nebo st\u0159e\u0161n\u00ed nosi\u010de. P\u0159istaven\u00ed auta je mo\u017en\u00e9 prakticky po cel\u00e9 \u010cesk\u00e9 republice, pokud chcete p\u0159istavit \u010di vr\u00e1tit auto na kontaktn\u00edm m\u00edst\u011b, kde je autop\u016fj\u010dovna zastoupena, tak neplat\u00edte \u017e\u00e1dn\u00e9 pen\u00edze.\tK dispozici cel\u00fd rokP\u016fj\u010dit \u010di vr\u00e1tit auto m\u016f\u017eete kdykoli, jsme V\u00e1m k dispozici sedm dn\u00ed v t\u00fddnu a to dvacet \u010dty\u0159i hodin denn\u011b. Vyu\u017eijte z\u00e1kaznickou linku a na v\u0161e se u n\u00e1s informujte.                                                                                                                                                                                                                                                                                                                                                                                        5\/5 - (3 votes)        "},{"@context":"https:\/\/schema.org\/","@type":"BreadcrumbList","itemListElement":[{"@type":"ListItem","position":1,"name":"Kdo si pot\u0159ebuje pronajmout v\u016fz?","item":"https:\/\/www.babygo.cz\/kdo-si-potrebuje-pronajmout-vuz\/#breadcrumbitem"}]}]