[{"@context":"https:\/\/schema.org\/","@type":"Article","@id":"https:\/\/www.babygo.cz\/vecny-elegan-giorgio-armani\/#Article","mainEntityOfPage":"https:\/\/www.babygo.cz\/vecny-elegan-giorgio-armani\/","headline":"V\u011b\u010dn\u00fd eleg\u00e1n Giorgio Armani","name":"V\u011b\u010dn\u00fd eleg\u00e1n Giorgio Armani","description":"Italsk\u00fd m\u00f3dn\u00ed n\u00e1vrh\u00e1\u0159 a podnikatel Giorgio Armani, se narodil v\u00a0roce 1934. V\u00a0sou\u010dasn\u00e9 dob\u011b pat\u0159\u00ed k\u00a0nejzn\u00e1m\u011bj\u0161\u00edm sv\u011btov\u00fdm m\u00f3dn\u00edm n\u00e1vrh\u00e1\u0159\u016fm, nav\u00edc se dok\u00e1zal postupn\u011b prosadit t\u00e9m\u011b\u0159 ve v\u0161ech oblastech m\u00f3dy. Nejv\u00edce v\u0161ak jeho tvorba vynik\u00e1 v\u00a0oblasti p\u00e1nsk\u00fdch od\u011bv\u016f. Ty tak\u00e9 za\u010d\u00ednal tvo\u0159it jako prvn\u00ed v\u00a0roce 1964 v\u00a0salonu Nina Cerrutiho, o dva roky pozd\u011bji se tak\u00e9 poprv\u00e9 setkal...","datePublished":"2019-05-11","dateModified":"2023-04-30","author":{"@type":"Person","@id":"https:\/\/www.babygo.cz\/author\/#Person","name":"","url":"https:\/\/www.babygo.cz\/author\/","identifier":1,"image":{"@type":"ImageObject","@id":"https:\/\/secure.gravatar.com\/avatar\/9cac53ffad5d6e0659d72eaf216400c165f8fbf396c79017c66698a8aa5be23d?s=96&d=mm&r=g","url":"https:\/\/secure.gravatar.com\/avatar\/9cac53ffad5d6e0659d72eaf216400c165f8fbf396c79017c66698a8aa5be23d?s=96&d=mm&r=g","height":96,"width":96}},"publisher":{"@type":"Organization","name":"babygo.cz","logo":{"@type":"ImageObject","@id":"\/logo.png","url":"\/logo.png","width":600,"height":60}},"image":{"@type":"ImageObject","@id":"https:\/\/www.babygo.cz\/wp-content\/uploads\/img_a344716_w2492_t1558550928.jpg","url":"https:\/\/www.babygo.cz\/wp-content\/uploads\/img_a344716_w2492_t1558550928.jpg","height":0,"width":0},"url":"https:\/\/www.babygo.cz\/vecny-elegan-giorgio-armani\/","about":["M\u00f3da"],"wordCount":403,"articleBody":"Italsk\u00fd m\u00f3dn\u00ed n\u00e1vrh\u00e1\u0159 a podnikatel Giorgio Armani, se narodil v\u00a0roce 1934. V\u00a0sou\u010dasn\u00e9 dob\u011b pat\u0159\u00ed k\u00a0nejzn\u00e1m\u011bj\u0161\u00edm sv\u011btov\u00fdm m\u00f3dn\u00edm n\u00e1vrh\u00e1\u0159\u016fm, nav\u00edc se dok\u00e1zal postupn\u011b prosadit t\u00e9m\u011b\u0159 ve v\u0161ech oblastech m\u00f3dy. Nejv\u00edce v\u0161ak jeho tvorba vynik\u00e1 v\u00a0oblasti p\u00e1nsk\u00fdch od\u011bv\u016f. Ty tak\u00e9 za\u010d\u00ednal tvo\u0159it jako prvn\u00ed v\u00a0roce 1964 v\u00a0salonu Nina Cerrutiho, o dva roky pozd\u011bji se tak\u00e9 poprv\u00e9 setkal s\u00a0architektem Sergiem Galeottim, se kter\u00fdm se velmi brzy stali bl\u00edzk\u00fdmi p\u0159\u00e1teli a spolupracovn\u00edky. S\u00a0jeho podporou a pomoc\u00ed si v\u00a0roce 1970 mohl zalo\u017eit vlastn\u00ed n\u00e1vrh\u00e1\u0159sk\u00e9 studio.Podnik byl velmi \u00fasp\u011b\u0161n\u00fd a u\u017e po \u010dty\u0159ech letech zakl\u00e1d\u00e1 spole\u010dnost Giorgio Armani S.p.A. a prezentuje svoji prvn\u00ed kolekci jedine\u010dn\u00fdch p\u00e1nsk\u00fdch sak, kter\u00e9 o rok pozd\u011bji p\u0159epracoval i do \u017eensk\u00e9ho proveden\u00ed. Tato saka se velmi brzy st\u00e1vaj\u00ed nepostradatelnou sou\u010d\u00e1st\u00ed ka\u017ed\u00e9ho \u0161atn\u00edku v\u0161ech sv\u011btov\u00fdch celebrit. Tato saka byla dokonce tak proslul\u00e1, \u017ee po jednom z\u00a0nich s\u00e1hli i v\u00a0Hollywoodu pro herce Richarda Geera, kter\u00fd ho m\u011bl na sob\u011b ve filmu Americk\u00fd gigolo. Posl\u00e9ze v\u00a0roce 1983 Armani otev\u00edr\u00e1 pobo\u010dku firmy i v\u00a0Kalifornii. Kdy\u017e v\u00a0roce 1985 um\u00edr\u00e1 na AIDS jeho p\u0159\u00edtel Sergio Galeotti, bere si jako svoji pravou ruku do firmy svoji sestru Rossanu.Giorgio Armani je dnes pova\u017eov\u00e1n za jednoho z\u00a0nej\u00fasp\u011b\u0161n\u011bj\u0161\u00edch m\u00f3dn\u00edch n\u00e1vrh\u00e1\u0159\u016f v\u0161ech dob a jeho majetek je vy\u010d\u00edslen v\u00a0\u0159\u00e1dech v\u00edce ne\u017e p\u011bt miliard dolar\u016f. K\u00a0jeho prosp\u011bchu hovo\u0159\u00ed i to, \u017ee byl prvn\u00edm sv\u011btov\u00fdm n\u00e1vrh\u00e1\u0159em, kter\u00fd odm\u00edtl velmi huben\u00e9 modelky. Reagoval tak na p\u0159\u00edpad brazilsk\u00e9 modelky Any Caroliny Reston, kter\u00e1 kv\u016fli ment\u00e1ln\u00ed anorexii p\u0159ed\u010dasn\u011b zem\u0159ela.Tak\u00e9 byl n\u00e1vrh\u00e1\u0159em od\u011bv\u016f pro italsk\u00e9 olympioniky na zahajovac\u00ed ceremoni\u00e1l Zimn\u00edch olympijsk\u00fdch her v\u00a0Tur\u00edn\u011b v\u00a0roce 2006. Sportovci si m\u00f3du Armaniho celkov\u011b velmi obl\u00edbili a pravideln\u011b jeho modely nakupuj\u00ed hv\u011bzdy, jako jsou Kak\u00e1, Ronaldo, Andrej \u0160ev\u010denko, Christian Vieri nebo Lu\u00eds Figo. A v\u00a0roce 2003 si u n\u011bj dokonce nechala u\u0161\u00edt obleky i cel\u00e1 anglick\u00e1 reprezentace.                                                                                                                                                                                                                                                                                                                                                                                        4.4\/5 - (9 votes)        "},{"@context":"https:\/\/schema.org\/","@type":"BreadcrumbList","itemListElement":[{"@type":"ListItem","position":1,"name":"V\u011b\u010dn\u00fd eleg\u00e1n Giorgio Armani","item":"https:\/\/www.babygo.cz\/vecny-elegan-giorgio-armani\/#breadcrumbitem"}]}]